{"id":4488,"date":"2023-05-30T11:26:18","date_gmt":"2023-05-30T10:26:18","guid":{"rendered":"https:\/\/visitar.zoodelpirineu.com\/juny\/"},"modified":"2024-10-15T14:31:03","modified_gmt":"2024-10-15T13:31:03","slug":"juny","status":"publish","type":"post","link":"https:\/\/visitar.zoodelpirineu.com\/ca\/juny\/","title":{"rendered":"Juny"},"content":{"rendered":"\n<div class=\"wp-block-columns has-base-background-color has-background is-layout-flex wp-container-core-columns-is-layout-9d6595d7 wp-block-columns-is-layout-flex\">\n<div class=\"wp-block-column has-base-3-background-color has-background is-layout-flow wp-block-column-is-layout-flow\"><div class=\"wp-block-image\">\n<figure class=\"aligncenter size-full\"><img loading=\"lazy\" decoding=\"async\" width=\"320\" height=\"213\" src=\"https:\/\/visitar.zoodelpirineu.com\/wp-content\/uploads\/2023\/04\/Madre-icon.png\" alt=\"oferta especial pel dia de la mare\" class=\"wp-image-4362\" srcset=\"https:\/\/visitar.zoodelpirineu.com\/wp-content\/uploads\/2023\/04\/Madre-icon.png 320w, https:\/\/visitar.zoodelpirineu.com\/wp-content\/uploads\/2023\/04\/Madre-icon-300x200.png 300w\" sizes=\"auto, (max-width: 320px) 100vw, 320px\" \/><\/figure>\n<\/div>\n\n\n<h3 class=\"wp-block-heading has-text-align-center\">Dia de la Mare<\/h3>\n\n\n\n<p class=\"has-text-align-center\">1-7 de maig<\/p>\n\n\n\n<p class=\"has-text-align-center\">Convidem totes les mares a acompanyar el seu fill\/a gratu\u00eftament a l&#8217;activitat Toca toca.<\/p>\n\n\n\n<p class=\"has-text-align-center\">Escul l&#8217;entrada \u00abMare\u00bb quan compris les entrades en l\u00ednia.<\/p>\n\n\n\n<p class=\"has-text-align-center\">A m\u00e9s, els fills i filles poden donar un regal d&#8217;una ploma a la seva mare durant la visita al refugi.<\/p>\n<\/div>\n\n\n\n<div class=\"wp-block-column has-base-3-background-color has-background is-layout-flow wp-block-column-is-layout-flow\">\n<figure class=\"wp-block-image size-full\"><img loading=\"lazy\" decoding=\"async\" width=\"320\" height=\"213\" src=\"https:\/\/visitar.zoodelpirineu.com\/wp-content\/uploads\/2023\/04\/Familia-icon.png\" alt=\"descompte al maig per fam&#xED;lies\" class=\"wp-image-4370\" srcset=\"https:\/\/visitar.zoodelpirineu.com\/wp-content\/uploads\/2023\/04\/Familia-icon.png 320w, https:\/\/visitar.zoodelpirineu.com\/wp-content\/uploads\/2023\/04\/Familia-icon-300x200.png 300w\" sizes=\"auto, (max-width: 320px) 100vw, 320px\" \/><\/figure>\n\n\n\n<h3 class=\"wp-block-heading has-text-align-center\">Dia internacional de les fam\u00edlies<\/h3>\n\n\n\n<p class=\"has-text-align-center\">7-15 de maig<\/p>\n\n\n\n<p class=\"has-text-align-center\">Aprofita el descompte del 20% a la visita guiada quan compris les entrades en l\u00ednia.<\/p>\n\n\n\n<p class=\"has-text-align-center\">Utilitza el codi de descompte \u00abFam\u00edlia\u00bb<\/p>\n<\/div>\n\n\n\n<div class=\"wp-block-column has-base-3-background-color has-background is-layout-flow wp-block-column-is-layout-flow\">\n<figure class=\"wp-block-image size-full\"><img loading=\"lazy\" decoding=\"async\" width=\"320\" height=\"213\" src=\"https:\/\/visitar.zoodelpirineu.com\/wp-content\/uploads\/2023\/04\/Abejas.gif\" alt=\"Oferta al maig \" class=\"wp-image-4365\"\/><\/figure>\n\n\n\n<h3 class=\"wp-block-heading has-text-align-center\">Dia internacional de les abelles<\/h3>\n\n\n\n<p class=\"has-text-align-center\">15-21 de maig<\/p>\n\n\n\n<p class=\"has-text-align-center\">Cada fam\u00edlia rebr\u00e0 un regal per les abelles. Una petita lavanda (esp\u00edgol). <\/p>\n\n\n\n<p class=\"has-text-align-center\">Planta-la al teu balc\u00f3 o jard\u00ed. Et recordar\u00e0 a nosaltres i proporcionar\u00e0 aliments pels insectes.<\/p>\n<\/div>\n\n\n\n<div class=\"wp-block-column has-base-3-background-color has-background is-layout-flow wp-block-column-is-layout-flow\">\n<figure class=\"wp-block-image size-full\"><img loading=\"lazy\" decoding=\"async\" width=\"320\" height=\"213\" src=\"https:\/\/visitar.zoodelpirineu.com\/wp-content\/uploads\/2023\/04\/Mariposa-icon.png\" alt=\"Setmana de natura - oferta al maig\" class=\"wp-image-4373\" srcset=\"https:\/\/visitar.zoodelpirineu.com\/wp-content\/uploads\/2023\/04\/Mariposa-icon.png 320w, https:\/\/visitar.zoodelpirineu.com\/wp-content\/uploads\/2023\/04\/Mariposa-icon-300x200.png 300w\" sizes=\"auto, (max-width: 320px) 100vw, 320px\" \/><\/figure>\n\n\n\n<h3 class=\"wp-block-heading has-text-align-center\">Setmana de la Natura<\/h3>\n\n\n\n<p class=\"has-text-align-center\">24 de maig al 5 de juny<\/p>\n\n\n\n<p class=\"has-text-align-center\">Cada dia a les 15:00 oferirem un taller de construcci\u00f3 d&#8217;hotels per insectes.<\/p>\n\n\n\n<p class=\"has-text-align-center\">Els visitants es poden emportar els hotels a casa i gaudir del brunzit dels animals que ajuden a protegir.<\/p>\n\n\n\n<p class=\"has-text-align-center\">Preu: 5\u20ac per fam\u00edlia.<\/p>\n<\/div>\n<\/div>\n","protected":false},"excerpt":{"rendered":"<p>Descobreix les ofertes especials al Zoo del Pirineu al juny. No t&#8217;ho perdis! <\/p>\n","protected":false},"author":1,"featured_media":0,"comment_status":"closed","ping_status":"open","sticky":false,"template":"","format":"standard","meta":{"_monsterinsights_skip_tracking":false,"_monsterinsights_sitenote_active":false,"_monsterinsights_sitenote_note":"","_monsterinsights_sitenote_category":0,"footnotes":""},"categories":[1],"tags":[],"class_list":["post-4488","post","type-post","status-publish","format-standard","hentry","category-uncategorized-ca","infinite-scroll-item","generate-columns","tablet-grid-50","mobile-grid-100","grid-parent","grid-33"],"aioseo_notices":[],"_links":{"self":[{"href":"https:\/\/visitar.zoodelpirineu.com\/ca\/wp-json\/wp\/v2\/posts\/4488","targetHints":{"allow":["GET"]}}],"collection":[{"href":"https:\/\/visitar.zoodelpirineu.com\/ca\/wp-json\/wp\/v2\/posts"}],"about":[{"href":"https:\/\/visitar.zoodelpirineu.com\/ca\/wp-json\/wp\/v2\/types\/post"}],"author":[{"embeddable":true,"href":"https:\/\/visitar.zoodelpirineu.com\/ca\/wp-json\/wp\/v2\/users\/1"}],"replies":[{"embeddable":true,"href":"https:\/\/visitar.zoodelpirineu.com\/ca\/wp-json\/wp\/v2\/comments?post=4488"}],"version-history":[{"count":2,"href":"https:\/\/visitar.zoodelpirineu.com\/ca\/wp-json\/wp\/v2\/posts\/4488\/revisions"}],"predecessor-version":[{"id":5771,"href":"https:\/\/visitar.zoodelpirineu.com\/ca\/wp-json\/wp\/v2\/posts\/4488\/revisions\/5771"}],"wp:attachment":[{"href":"https:\/\/visitar.zoodelpirineu.com\/ca\/wp-json\/wp\/v2\/media?parent=4488"}],"wp:term":[{"taxonomy":"category","embeddable":true,"href":"https:\/\/visitar.zoodelpirineu.com\/ca\/wp-json\/wp\/v2\/categories?post=4488"},{"taxonomy":"post_tag","embeddable":true,"href":"https:\/\/visitar.zoodelpirineu.com\/ca\/wp-json\/wp\/v2\/tags?post=4488"}],"curies":[{"name":"wp","href":"https:\/\/api.w.org\/{rel}","templated":true}]}}