{"id":6273,"date":"2025-01-14T11:02:37","date_gmt":"2025-01-14T10:02:37","guid":{"rendered":"https:\/\/visitar.zoodelpirineu.com\/dia-internacional-de-la-educacion-ambiental\/"},"modified":"2025-01-14T12:36:41","modified_gmt":"2025-01-14T11:36:41","slug":"dia-internacional-de-la-educacion-ambiental","status":"publish","type":"post","link":"https:\/\/visitar.zoodelpirineu.com\/ca\/dia-internacional-de-la-educacion-ambiental\/","title":{"rendered":"Dia Internacional de l&#8217;Educaci\u00f3 Ambiental"},"content":{"rendered":"\n<div class=\"wp-block-cover has-parallax\"><span aria-hidden=\"true\" class=\"wp-block-cover__background has-contrast-background-color has-background-dim\"><\/span><div role=\"img\" aria-label=\"Descomptes entrada zoo\" class=\"wp-block-cover__image-background wp-image-3492 has-parallax\" style=\"background-position:50% 50%;background-image:url(https:\/\/visitar.zoodelpirineu.com\/wp-content\/uploads\/2023\/01\/Descuentos-zoo.jpg)\"><\/div><div class=\"wp-block-cover__inner-container is-layout-constrained wp-block-cover-is-layout-constrained\">\n<p class=\"has-text-align-center has-large-font-size\">Aquest 25 i 26 de gener celebra el Dia Internacional de l&#8217;Educaci\u00f3 Ambiental amb un 50% de descompte en visites guiades i exhibicions de vol.<\/p>\n<\/div><\/div>\n\n<div style=\"height:100px\" aria-hidden=\"true\" class=\"wp-block-spacer\"><\/div>\n\n<div class=\"wp-block-columns is-layout-flex wp-container-core-columns-is-layout-9d6595d7 wp-block-columns-is-layout-flex\">\n<div class=\"wp-block-column is-layout-flow wp-block-column-is-layout-flow\" style=\"flex-basis:25%\"><\/div>\n\n\n\n<div class=\"wp-block-column is-layout-flow wp-block-column-is-layout-flow\" style=\"flex-basis:50%\">\n<p class=\"has-text-align-center\">Celebra el Dia Internacional de l&#8217;Educaci\u00f3 Ambiental amb nosaltres i aprofita un 50% de descompte a les nostres activitats estrella: visites guiades i exhibicions de vol. <br\/>\u00c9s el moment perfecte per aprendre, gaudir i actuar!<\/p>\n<\/div>\n\n\n\n<div class=\"wp-block-column is-layout-flow wp-block-column-is-layout-flow\" style=\"flex-basis:25%\"><\/div>\n<\/div>\n\n<div style=\"height:100px\" aria-hidden=\"true\" class=\"wp-block-spacer\"><\/div>\n\n<h2 class=\"wp-block-heading has-text-align-center\">Com aprofitar aquest descompte exclusiu?<\/h2>\n\n<div class=\"wp-block-columns is-layout-flex wp-container-core-columns-is-layout-9d6595d7 wp-block-columns-is-layout-flex\">\n<div class=\"wp-block-column is-layout-flow wp-block-column-is-layout-flow\" style=\"flex-basis:10%\"><\/div>\n\n\n\n<div class=\"wp-block-column has-base-background-color has-background is-layout-flow wp-block-column-is-layout-flow\">\n<div style=\"height:20px\" aria-hidden=\"true\" class=\"wp-block-spacer\"><\/div>\n\n\n<div class=\"wp-block-image\">\n<figure class=\"aligncenter size-full is-resized\"><img loading=\"lazy\" decoding=\"async\" width=\"320\" height=\"213\" src=\"https:\/\/visitar.zoodelpirineu.com\/wp-content\/uploads\/2023\/01\/Check-picto.png\" alt=\"ok picto\" class=\"wp-image-3695\" style=\"width:auto;height:80px\" srcset=\"https:\/\/visitar.zoodelpirineu.com\/wp-content\/uploads\/2023\/01\/Check-picto.png 320w, https:\/\/visitar.zoodelpirineu.com\/wp-content\/uploads\/2023\/01\/Check-picto-300x200.png 300w\" sizes=\"auto, (max-width: 320px) 100vw, 320px\" \/><\/figure>\n<\/div>\n\n\n<div style=\"height:20px\" aria-hidden=\"true\" class=\"wp-block-spacer\"><\/div>\n\n\n\n<p class=\"has-text-align-center\"><strong>Pas 1:<\/strong><br\/>Reserva la teva pla\u00e7a avui mateix amb el bot\u00f3 de sota.<\/p>\n<\/div>\n\n\n\n<div class=\"wp-block-column has-base-background-color has-background is-layout-flow wp-block-column-is-layout-flow\">\n<div style=\"height:20px\" aria-hidden=\"true\" class=\"wp-block-spacer\"><\/div>\n\n\n<div class=\"wp-block-image\">\n<figure class=\"aligncenter size-full is-resized\"><img loading=\"lazy\" decoding=\"async\" width=\"320\" height=\"213\" src=\"https:\/\/visitar.zoodelpirineu.com\/wp-content\/uploads\/2023\/01\/Check-picto.png\" alt=\"ok picto\" class=\"wp-image-3695\" style=\"width:auto;height:80px\" srcset=\"https:\/\/visitar.zoodelpirineu.com\/wp-content\/uploads\/2023\/01\/Check-picto.png 320w, https:\/\/visitar.zoodelpirineu.com\/wp-content\/uploads\/2023\/01\/Check-picto-300x200.png 300w\" sizes=\"auto, (max-width: 320px) 100vw, 320px\" \/><\/figure>\n<\/div>\n\n\n<div style=\"height:20px\" aria-hidden=\"true\" class=\"wp-block-spacer\"><\/div>\n\n\n\n<p class=\"has-text-align-center\"><strong>Pas 2:<\/strong><br\/>Visita&#8217;ns el 25 o 26 de gener i presenta la teva reserva a l&#8217;entrada.<\/p>\n<\/div>\n\n\n\n<div class=\"wp-block-column has-base-background-color has-background is-layout-flow wp-block-column-is-layout-flow\">\n<div style=\"height:20px\" aria-hidden=\"true\" class=\"wp-block-spacer\"><\/div>\n\n\n<div class=\"wp-block-image\">\n<figure class=\"aligncenter size-full is-resized\"><img loading=\"lazy\" decoding=\"async\" width=\"320\" height=\"213\" src=\"https:\/\/visitar.zoodelpirineu.com\/wp-content\/uploads\/2023\/01\/Check-picto.png\" alt=\"ok picto\" class=\"wp-image-3695\" style=\"width:auto;height:80px\" srcset=\"https:\/\/visitar.zoodelpirineu.com\/wp-content\/uploads\/2023\/01\/Check-picto.png 320w, https:\/\/visitar.zoodelpirineu.com\/wp-content\/uploads\/2023\/01\/Check-picto-300x200.png 300w\" sizes=\"auto, (max-width: 320px) 100vw, 320px\" \/><\/figure>\n<\/div>\n\n\n<div style=\"height:20px\" aria-hidden=\"true\" class=\"wp-block-spacer\"><\/div>\n\n\n\n<p class=\"has-text-align-center\"><strong>Pas 3:<\/strong><br\/>Viu un dia inoblidable aprenent sobre la fauna, gaudint de la natura i ajudant a protegir el medi ambient.<\/p>\n<\/div>\n\n\n\n<div class=\"wp-block-column is-layout-flow wp-block-column-is-layout-flow\" style=\"flex-basis:10%\"><\/div>\n<\/div>\n\n<div class=\"wp-block-columns is-layout-flex wp-container-core-columns-is-layout-9d6595d7 wp-block-columns-is-layout-flex\">\n<div class=\"wp-block-column is-layout-flow wp-block-column-is-layout-flow\" style=\"flex-basis:25%\"><\/div>\n\n\n\n<div class=\"wp-block-column is-layout-flow wp-block-column-is-layout-flow\" style=\"flex-basis:50%\">\n<div class=\"wp-block-buttons is-content-justification-center is-layout-flex wp-container-core-buttons-is-layout-16018d1d wp-block-buttons-is-layout-flex\">\n<div class=\"wp-block-button\"><a class=\"wp-block-button__link wp-element-button\" href=\"https:\/\/fareharbor.com\/embeds\/book\/zoodelpirineu\/items\/?full-items=yes&amp;back=https:\/\/visitar.zoodelpirineu.com\/&amp;g4=yes\">Reserva ara amb un 50% de descompte<\/a><\/div>\n<\/div>\n<\/div>\n\n\n\n<div class=\"wp-block-column is-layout-flow wp-block-column-is-layout-flow\" style=\"flex-basis:25%\"><\/div>\n<\/div>\n\n<div style=\"height:100px\" aria-hidden=\"true\" class=\"wp-block-spacer\"><\/div>\n\n<h2 class=\"wp-block-heading has-text-align-center\">La teva visita t\u00e9 impacte<\/h2>\n\n<div class=\"wp-block-columns is-layout-flex wp-container-core-columns-is-layout-9d6595d7 wp-block-columns-is-layout-flex\">\n<div class=\"wp-block-column is-layout-flow wp-block-column-is-layout-flow\" style=\"flex-basis:25%\"><\/div>\n\n\n\n<div class=\"wp-block-column is-layout-flow wp-block-column-is-layout-flow\" style=\"flex-basis:50%\">\n<p class=\"has-text-align-center\">En visitar-nos, no nom\u00e9s gaudeixes d&#8217;un dia especial, sin\u00f3 que contribueixes directament a finan\u00e7ar la protecci\u00f3 dels animals i l&#8217;educaci\u00f3 ambiental. Cada entrada ens ajuda a seguir cuidant la fauna i sembrant el respecte per la natura a les futures generacions. <\/p>\n\n\n\n<div class=\"wp-block-buttons is-content-justification-center is-layout-flex wp-container-core-buttons-is-layout-16018d1d wp-block-buttons-is-layout-flex\">\n<div class=\"wp-block-button\"><a class=\"wp-block-button__link wp-element-button\" href=\"https:\/\/donaciones.zoodelpirineu.com\/refugio-de-animales-cataluna\/\" style=\"border-radius:0px\">Descobreix com ajudes els animals<\/a><\/div>\n<\/div>\n<\/div>\n\n\n\n<div class=\"wp-block-column is-layout-flow wp-block-column-is-layout-flow\" style=\"flex-basis:25%\"><\/div>\n<\/div>\n\n<div style=\"height:100px\" aria-hidden=\"true\" class=\"wp-block-spacer\"><\/div>\n\n<h2 class=\"wp-block-heading has-text-align-center\">Detalls del Cap de Setmana de l&#8217;Educaci\u00f3 Ambiental<\/h2>\n\n<div class=\"wp-block-columns is-layout-flex wp-container-core-columns-is-layout-9d6595d7 wp-block-columns-is-layout-flex\">\n<div class=\"wp-block-column is-layout-flow wp-block-column-is-layout-flow\" style=\"flex-basis:10%\"><\/div>\n\n\n\n<div class=\"wp-block-column has-base-3-color has-contrast-3-background-color has-text-color has-background has-link-color wp-elements-cf6e3b1132f402db7126c58450ae0775 is-layout-flow wp-block-column-is-layout-flow\">\n<div style=\"height:20px\" aria-hidden=\"true\" class=\"wp-block-spacer\"><\/div>\n\n\n<div class=\"wp-block-image\">\n<figure class=\"aligncenter size-full is-resized\"><img loading=\"lazy\" decoding=\"async\" width=\"512\" height=\"512\" src=\"https:\/\/visitar.zoodelpirineu.com\/wp-content\/uploads\/2022\/12\/Picto-Euro.png\" alt=\"Preu del curs pr&#xE0;ctic per a veterinaris\" class=\"wp-image-3034\" style=\"width:auto;height:100px\" srcset=\"https:\/\/visitar.zoodelpirineu.com\/wp-content\/uploads\/2022\/12\/Picto-Euro.png 512w, https:\/\/visitar.zoodelpirineu.com\/wp-content\/uploads\/2022\/12\/Picto-Euro-300x300.png 300w, https:\/\/visitar.zoodelpirineu.com\/wp-content\/uploads\/2022\/12\/Picto-Euro-150x150.png 150w\" sizes=\"auto, (max-width: 512px) 100vw, 512px\" \/><\/figure>\n<\/div>\n\n\n<h3 class=\"wp-block-heading has-text-align-center has-base-3-color has-text-color has-link-color wp-elements-dbf4cda7ff346640ab882b11faf99c50\">Oferta:<\/h3>\n\n\n\n<p class=\"has-text-align-center\">50% de descompte en visites guiades i exhibicions de vol.<\/p>\n<\/div>\n\n\n\n<div class=\"wp-block-column has-base-3-color has-contrast-3-background-color has-text-color has-background has-link-color wp-elements-ccd1601e87fd4cce362242feb0c94850 is-layout-flow wp-block-column-is-layout-flow\">\n<div style=\"height:20px\" aria-hidden=\"true\" class=\"wp-block-spacer\"><\/div>\n\n\n<div class=\"wp-block-image\">\n<figure class=\"aligncenter size-full is-resized\"><img loading=\"lazy\" decoding=\"async\" width=\"512\" height=\"512\" src=\"https:\/\/visitar.zoodelpirineu.com\/wp-content\/uploads\/2023\/01\/Calendario-picto.png\" alt=\"Disponibilitat icona\" class=\"wp-image-3385\" style=\"width:auto;height:100px\" srcset=\"https:\/\/visitar.zoodelpirineu.com\/wp-content\/uploads\/2023\/01\/Calendario-picto.png 512w, https:\/\/visitar.zoodelpirineu.com\/wp-content\/uploads\/2023\/01\/Calendario-picto-300x300.png 300w, https:\/\/visitar.zoodelpirineu.com\/wp-content\/uploads\/2023\/01\/Calendario-picto-150x150.png 150w\" sizes=\"auto, (max-width: 512px) 100vw, 512px\" \/><\/figure>\n<\/div>\n\n\n<h3 class=\"wp-block-heading has-text-align-center has-base-3-color has-text-color has-link-color wp-elements-aea066c0cb49f515f38fa66b8a68b595\">Dates:<\/h3>\n\n\n\n<p class=\"has-text-align-center\">25 i 26 de gener de 2025.<\/p>\n<\/div>\n\n\n\n<div class=\"wp-block-column has-base-3-color has-contrast-3-background-color has-text-color has-background has-link-color wp-elements-343c61d11c9fa2083aac1eb5e6a49f34 is-layout-flow wp-block-column-is-layout-flow\">\n<div style=\"height:20px\" aria-hidden=\"true\" class=\"wp-block-spacer\"><\/div>\n\n\n<div class=\"wp-block-image\">\n<figure class=\"aligncenter size-full is-resized\"><img loading=\"lazy\" decoding=\"async\" width=\"512\" height=\"512\" src=\"https:\/\/visitar.zoodelpirineu.com\/wp-content\/uploads\/2023\/01\/Horario-picto.png\" alt=\"Horari icona\" class=\"wp-image-3382\" style=\"width:auto;height:100px\" srcset=\"https:\/\/visitar.zoodelpirineu.com\/wp-content\/uploads\/2023\/01\/Horario-picto.png 512w, https:\/\/visitar.zoodelpirineu.com\/wp-content\/uploads\/2023\/01\/Horario-picto-300x300.png 300w, https:\/\/visitar.zoodelpirineu.com\/wp-content\/uploads\/2023\/01\/Horario-picto-150x150.png 150w\" sizes=\"auto, (max-width: 512px) 100vw, 512px\" \/><\/figure>\n<\/div>\n\n\n<h3 class=\"wp-block-heading has-text-align-center has-base-3-color has-text-color has-link-color wp-elements-6ff71835c06d6d2d832bf439664dd1e3\">Horari:<\/h3>\n\n\n\n<p class=\"has-text-align-center\">De 11:00 a 15:00<br\/>De 15:00 a 17:00<\/p>\n<\/div>\n\n\n\n<div class=\"wp-block-column has-base-3-color has-contrast-3-background-color has-text-color has-background has-link-color wp-elements-2365c85cab56dea904d749bb1b630076 is-layout-flow wp-block-column-is-layout-flow\">\n<div style=\"height:20px\" aria-hidden=\"true\" class=\"wp-block-spacer\"><\/div>\n\n\n<div class=\"wp-block-image\">\n<figure class=\"aligncenter size-full is-resized\"><img loading=\"lazy\" decoding=\"async\" width=\"320\" height=\"213\" src=\"https:\/\/visitar.zoodelpirineu.com\/wp-content\/uploads\/2024\/12\/Ubicacion-picto.png\" alt=\"Ubicaci&#xF3; picto\" class=\"wp-image-6104\" style=\"width:auto;height:100px\" srcset=\"https:\/\/visitar.zoodelpirineu.com\/wp-content\/uploads\/2024\/12\/Ubicacion-picto.png 320w, https:\/\/visitar.zoodelpirineu.com\/wp-content\/uploads\/2024\/12\/Ubicacion-picto-300x200.png 300w\" sizes=\"auto, (max-width: 320px) 100vw, 320px\" \/><\/figure>\n<\/div>\n\n\n<h3 class=\"wp-block-heading has-text-align-center has-base-3-color has-text-color has-link-color wp-elements-efbb9994d29b3fa7742051f46c6e4b40\">Ubicaci\u00f3:<\/h3>\n\n\n\n<p class=\"has-text-align-center\">Al cor del Zoo del Pirineu, envoltat de natura<\/p>\n<\/div>\n\n\n\n<div class=\"wp-block-column is-layout-flow wp-block-column-is-layout-flow\" style=\"flex-basis:10%\"><\/div>\n<\/div>\n\n<div style=\"height:100px\" aria-hidden=\"true\" class=\"wp-block-spacer\"><\/div>\n\n<div class=\"wp-block-columns is-layout-flex wp-container-core-columns-is-layout-9d6595d7 wp-block-columns-is-layout-flex\">\n<div class=\"wp-block-column is-layout-flow wp-block-column-is-layout-flow\" style=\"flex-basis:25%\"><\/div>\n\n\n\n<div class=\"wp-block-column is-layout-flow wp-block-column-is-layout-flow\" style=\"flex-basis:50%\">\n<p class=\"has-text-align-center\">No deixis passar aquesta oportunitat \u00fanica de gaudir en fam\u00edlia, aprendre sobre els animals i fer alguna cosa gran per a la natura.<\/p>\n\n\n\n<div class=\"wp-block-buttons is-content-justification-center is-layout-flex wp-container-core-buttons-is-layout-16018d1d wp-block-buttons-is-layout-flex\">\n<div class=\"wp-block-button\"><a class=\"wp-block-button__link wp-element-button\" href=\"https:\/\/fareharbor.com\/embeds\/book\/zoodelpirineu\/items\/?full-items=yes&amp;back=https:\/\/visitar.zoodelpirineu.com\/&amp;g4=yes\" style=\"border-radius:0px\">Reserva la teva pla\u00e7a abans que s&#8217;esgotin<\/a><\/div>\n<\/div>\n<\/div>\n\n\n\n<div class=\"wp-block-column is-layout-flow wp-block-column-is-layout-flow\" style=\"flex-basis:25%\"><\/div>\n<\/div>\n\n<div style=\"height:100px\" aria-hidden=\"true\" class=\"wp-block-spacer\"><\/div>\n\n<div class=\"wp-block-cover\"><span aria-hidden=\"true\" class=\"wp-block-cover__background has-contrast-background-color has-background-dim\"><\/span><img loading=\"lazy\" decoding=\"async\" width=\"2000\" height=\"800\" class=\"wp-block-cover__image-background wp-image-4377\" alt=\"\" src=\"https:\/\/visitar.zoodelpirineu.com\/wp-content\/uploads\/2023\/04\/Cria-de-corzo.jpg\" style=\"object-position:56% 44%\" data-object-fit=\"cover\" data-object-position=\"56% 44%\" srcset=\"https:\/\/visitar.zoodelpirineu.com\/wp-content\/uploads\/2023\/04\/Cria-de-corzo.jpg 2000w, https:\/\/visitar.zoodelpirineu.com\/wp-content\/uploads\/2023\/04\/Cria-de-corzo-300x120.jpg 300w, https:\/\/visitar.zoodelpirineu.com\/wp-content\/uploads\/2023\/04\/Cria-de-corzo-1024x410.jpg 1024w, https:\/\/visitar.zoodelpirineu.com\/wp-content\/uploads\/2023\/04\/Cria-de-corzo-768x307.jpg 768w, https:\/\/visitar.zoodelpirineu.com\/wp-content\/uploads\/2023\/04\/Cria-de-corzo-1536x614.jpg 1536w\" sizes=\"auto, (max-width: 2000px) 100vw, 2000px\" \/><div class=\"wp-block-cover__inner-container is-layout-constrained wp-block-cover-is-layout-constrained\">\n<p class=\"has-text-align-center has-large-font-size\">Aquest descompte del 50% nom\u00e9s estar\u00e0 disponible aquest cap de setmana. Places limitades, no et quedis sense la teva.<\/p>\n<\/div><\/div>\n\n<p><\/p>\n","protected":false},"excerpt":{"rendered":"<p>Gaudeix d&#8217;un 50% de descompte en visites guiades i exhibicions de vol aquest 25 i 26 de gener. Celebra el Dia Internacional de l&#8217;Educaci\u00f3 Ambiental. <\/p>\n","protected":false},"author":1,"featured_media":6258,"comment_status":"closed","ping_status":"open","sticky":false,"template":"","format":"standard","meta":{"_monsterinsights_skip_tracking":false,"_monsterinsights_sitenote_active":false,"_monsterinsights_sitenote_note":"","_monsterinsights_sitenote_category":0,"footnotes":""},"categories":[1],"tags":[],"class_list":["post-6273","post","type-post","status-publish","format-standard","has-post-thumbnail","hentry","category-uncategorized-ca","infinite-scroll-item","generate-columns","tablet-grid-50","mobile-grid-100","grid-parent","grid-33"],"aioseo_notices":[],"_links":{"self":[{"href":"https:\/\/visitar.zoodelpirineu.com\/ca\/wp-json\/wp\/v2\/posts\/6273","targetHints":{"allow":["GET"]}}],"collection":[{"href":"https:\/\/visitar.zoodelpirineu.com\/ca\/wp-json\/wp\/v2\/posts"}],"about":[{"href":"https:\/\/visitar.zoodelpirineu.com\/ca\/wp-json\/wp\/v2\/types\/post"}],"author":[{"embeddable":true,"href":"https:\/\/visitar.zoodelpirineu.com\/ca\/wp-json\/wp\/v2\/users\/1"}],"replies":[{"embeddable":true,"href":"https:\/\/visitar.zoodelpirineu.com\/ca\/wp-json\/wp\/v2\/comments?post=6273"}],"version-history":[{"count":1,"href":"https:\/\/visitar.zoodelpirineu.com\/ca\/wp-json\/wp\/v2\/posts\/6273\/revisions"}],"predecessor-version":[{"id":6274,"href":"https:\/\/visitar.zoodelpirineu.com\/ca\/wp-json\/wp\/v2\/posts\/6273\/revisions\/6274"}],"wp:featuredmedia":[{"embeddable":true,"href":"https:\/\/visitar.zoodelpirineu.com\/ca\/wp-json\/wp\/v2\/media\/6258"}],"wp:attachment":[{"href":"https:\/\/visitar.zoodelpirineu.com\/ca\/wp-json\/wp\/v2\/media?parent=6273"}],"wp:term":[{"taxonomy":"category","embeddable":true,"href":"https:\/\/visitar.zoodelpirineu.com\/ca\/wp-json\/wp\/v2\/categories?post=6273"},{"taxonomy":"post_tag","embeddable":true,"href":"https:\/\/visitar.zoodelpirineu.com\/ca\/wp-json\/wp\/v2\/tags?post=6273"}],"curies":[{"name":"wp","href":"https:\/\/api.w.org\/{rel}","templated":true}]}}