{"id":6311,"date":"2025-02-13T13:41:17","date_gmt":"2025-02-13T12:41:17","guid":{"rendered":"https:\/\/visitar.zoodelpirineu.com\/del-carnaval-a-veure-els-animals\/"},"modified":"2026-01-14T08:32:20","modified_gmt":"2026-01-14T07:32:20","slug":"del-carnaval-a-veure-els-animals","status":"publish","type":"post","link":"https:\/\/visitar.zoodelpirineu.com\/ca\/del-carnaval-a-veure-els-animals\/","title":{"rendered":"Del Carnaval a veure els Animals"},"content":{"rendered":"\n<div class=\"wp-block-cover has-parallax\"><div role=\"img\" aria-label=\"Visita familiar al Zoo de los Pirineos tras el Carnaval de Solsona\" class=\"wp-block-cover__image-background wp-image-6296 has-parallax\" style=\"background-position:50% 50%;background-image:url(https:\/\/visitar.zoodelpirineu.com\/wp-content\/uploads\/2025\/02\/Carnaval-de-Solsona.jpg)\"><\/div><span aria-hidden=\"true\" class=\"wp-block-cover__background has-contrast-background-color has-background-dim-70 has-background-dim\"><\/span><div class=\"wp-block-cover__inner-container is-layout-constrained wp-block-cover-is-layout-constrained\">\n<p class=\"has-text-align-center has-large-font-size\">Visita familiar al Zoo del Pirineu despr\u00e9s del Carnaval de Solsona<\/p>\n\n\n\n<p class=\"has-text-align-center has-medium-font-size\"><em>A nom\u00e9s 30 minuts de Solsona<br\/>Oferta especial Carnaval<br\/>10 % de descompte en reservar 2 activitats<\/em><\/p>\n\n\n\n<div class=\"wp-block-buttons has-custom-font-size has-medium-font-size is-content-justification-center is-layout-flex wp-container-core-buttons-is-layout-16018d1d wp-block-buttons-is-layout-flex\">\n<div class=\"wp-block-button\"><a class=\"wp-block-button__link wp-element-button\" href=\"https:\/\/fareharbor.com\/embeds\/book\/zoodelpirineu\/?full-items=yes&amp;flow=923009\" style=\"border-radius:0px\">Completa el teu pla de Carnaval<\/a><\/div>\n<\/div>\n<\/div><\/div>\n\n<div style=\"height:100px\" aria-hidden=\"true\" class=\"wp-block-spacer\"><\/div>\n\n<div class=\"wp-block-columns is-layout-flex wp-container-core-columns-is-layout-9d6595d7 wp-block-columns-is-layout-flex\">\n<div class=\"wp-block-column is-layout-flow wp-block-column-is-layout-flow\" style=\"flex-basis:25%\"><\/div>\n\n\n\n<div class=\"wp-block-column is-layout-flow wp-block-column-is-layout-flow\" style=\"flex-basis:50%\">\n<h2 class=\"wp-block-heading has-text-align-center\">Busques un pla familiar divertit, educatiu i que agradi a tothom despr\u00e9s del <a href=\"https:\/\/carnavalsolsona.com\/\" target=\"_blank\" rel=\"noopener\" title=\"Carnaval de Solsona\">Carnaval de Solsona<\/a>?<\/h2>\n\n\n\n<p class=\"has-text-align-center\">El Carnaval s\u2019acaba, per\u00f2 el dia no ha d\u2019acabar aqu\u00ed. <\/p>\n\n\n\n<p class=\"has-text-align-center\">A nom\u00e9s 30 minuts de Solsona, <strong>el Zoo del Pirineu t\u2019espera amb una experi\u00e8ncia que els teus fills recordaran durant molt de temps<\/strong>: no mirar animals darrere una tanca, sin\u00f3 con\u00e8ixer animals amb hist\u00f2ries reals de superviv\u00e8ncia i cura, en un entorn natural espectacular.<\/p>\n<\/div>\n\n\n\n<div class=\"wp-block-column is-layout-flow wp-block-column-is-layout-flow\" style=\"flex-basis:25%\"><\/div>\n<\/div>\n\n<div style=\"height:100px\" aria-hidden=\"true\" class=\"wp-block-spacer\"><\/div>\n\n<h2 class=\"wp-block-heading has-text-align-center\">El que viureu amb els vostres fills<\/h2>\n\n<div class=\"wp-block-columns is-layout-flex wp-container-core-columns-is-layout-9d6595d7 wp-block-columns-is-layout-flex\">\n<div class=\"wp-block-column is-layout-flow wp-block-column-is-layout-flow\" style=\"flex-basis:10%\"><\/div>\n\n\n\n<div class=\"wp-block-column has-base-background-color has-background is-layout-flow wp-block-column-is-layout-flow\">\n<div style=\"height:20px\" aria-hidden=\"true\" class=\"wp-block-spacer\"><\/div>\n\n\n<div class=\"wp-block-image\">\n<figure class=\"aligncenter size-full is-resized\"><img loading=\"lazy\" decoding=\"async\" width=\"800\" height=\"600\" src=\"https:\/\/visitar.zoodelpirineu.com\/wp-content\/uploads\/2022\/09\/Picto-curs-falconeria.png\" alt=\"Exhibici&#xF3; de vol d&#x2019;aus rapinyaires per a nens al Zoo del Pirineu durant el Carnaval de Solsona\" class=\"wp-image-2679\" style=\"width:auto;height:100px\" srcset=\"https:\/\/visitar.zoodelpirineu.com\/wp-content\/uploads\/2022\/09\/Picto-curs-falconeria.png 800w, https:\/\/visitar.zoodelpirineu.com\/wp-content\/uploads\/2022\/09\/Picto-curs-falconeria-300x225.png 300w, https:\/\/visitar.zoodelpirineu.com\/wp-content\/uploads\/2022\/09\/Picto-curs-falconeria-768x576.png 768w\" sizes=\"auto, (max-width: 800px) 100vw, 800px\" \/><\/figure>\n<\/div>\n\n\n<h3 class=\"wp-block-heading has-text-align-center\">Espectacle d&#8217;aus rapinyaires<\/h3>\n\n\n\n<p class=\"has-text-align-center\">Una activitat interactiva que deixa petits i grans amb la boca oberta.<\/p>\n<\/div>\n\n\n\n<div class=\"wp-block-column has-base-background-color has-background is-layout-flow wp-block-column-is-layout-flow\">\n<div style=\"height:20px\" aria-hidden=\"true\" class=\"wp-block-spacer\"><\/div>\n\n\n<div class=\"wp-block-image\">\n<figure class=\"aligncenter size-full is-resized\"><img loading=\"lazy\" decoding=\"async\" width=\"800\" height=\"600\" src=\"https:\/\/visitar.zoodelpirineu.com\/wp-content\/uploads\/2022\/09\/Picto-toca-toca.png\" alt=\"Activitat Toca Toca al Zoo del Pirineu amb nens i nenes &#x2013; coneix i acarona animals.\" class=\"wp-image-2645\" style=\"width:auto;height:100px\" srcset=\"https:\/\/visitar.zoodelpirineu.com\/wp-content\/uploads\/2022\/09\/Picto-toca-toca.png 800w, https:\/\/visitar.zoodelpirineu.com\/wp-content\/uploads\/2022\/09\/Picto-toca-toca-300x225.png 300w, https:\/\/visitar.zoodelpirineu.com\/wp-content\/uploads\/2022\/09\/Picto-toca-toca-768x576.png 768w\" sizes=\"auto, (max-width: 800px) 100vw, 800px\" \/><\/figure>\n<\/div>\n\n\n<h3 class=\"wp-block-heading has-text-align-center\">Activitat<br\/>Toca Toca<\/h3>\n\n\n\n<p class=\"has-text-align-center\">Activitat educativa per a nens i nenes. Aprendre es converteix en diversi\u00f3 mentre ajuden animals que necessiten una atenci\u00f3 especial.<\/p>\n<\/div>\n\n\n\n<div class=\"wp-block-column has-base-background-color has-background is-layout-flow wp-block-column-is-layout-flow\">\n<div style=\"height:20px\" aria-hidden=\"true\" class=\"wp-block-spacer\"><\/div>\n\n\n<div class=\"wp-block-image\">\n<figure class=\"aligncenter size-full is-resized\"><img loading=\"lazy\" decoding=\"async\" width=\"800\" height=\"600\" src=\"https:\/\/visitar.zoodelpirineu.com\/wp-content\/uploads\/2022\/09\/Picto-Visita-guiada.png\" alt=\"Visita al Zoo del Pirineu amb nens i nenes &#x2013; descobreix animals salvatges rescatats com el senglar.\" class=\"wp-image-2655\" style=\"width:auto;height:100px\" srcset=\"https:\/\/visitar.zoodelpirineu.com\/wp-content\/uploads\/2022\/09\/Picto-Visita-guiada.png 800w, https:\/\/visitar.zoodelpirineu.com\/wp-content\/uploads\/2022\/09\/Picto-Visita-guiada-300x225.png 300w, https:\/\/visitar.zoodelpirineu.com\/wp-content\/uploads\/2022\/09\/Picto-Visita-guiada-768x576.png 768w\" sizes=\"auto, (max-width: 800px) 100vw, 800px\" \/><\/figure>\n<\/div>\n\n\n<h3 class=\"wp-block-heading has-text-align-center\">Visita guiada<\/h3>\n\n\n\n<p class=\"has-text-align-center\">Trobades properes amb animals rescatats. Cada animal t\u00e9 una hist\u00f2ria de superaci\u00f3 que emociona tant als infants com als adults.<\/p>\n<\/div>\n\n\n\n<div class=\"wp-block-column has-base-background-color has-background is-layout-flow wp-block-column-is-layout-flow\">\n<div style=\"height:20px\" aria-hidden=\"true\" class=\"wp-block-spacer\"><\/div>\n\n\n<div class=\"wp-block-image\">\n<figure class=\"aligncenter size-full is-resized\"><img loading=\"lazy\" decoding=\"async\" width=\"320\" height=\"213\" src=\"https:\/\/visitar.zoodelpirineu.com\/wp-content\/uploads\/2024\/10\/Picnic-picto.png\" alt=\"\" class=\"wp-image-5665\" style=\"width:auto;height:100px\" srcset=\"https:\/\/visitar.zoodelpirineu.com\/wp-content\/uploads\/2024\/10\/Picnic-picto.png 320w, https:\/\/visitar.zoodelpirineu.com\/wp-content\/uploads\/2024\/10\/Picnic-picto-300x200.png 300w\" sizes=\"auto, (max-width: 320px) 100vw, 320px\" \/><\/figure>\n<\/div>\n\n\n<h3 class=\"wp-block-heading has-text-align-center\">Zona de p\u00edcnic<\/h3>\n\n\n\n<p class=\"has-text-align-center\">Desconnecta i gaudeix. Un espai tranquil en plena natura per dinars en fam\u00edlia sense presses.<\/p>\n<\/div>\n\n\n\n<div class=\"wp-block-column is-layout-flow wp-block-column-is-layout-flow\" style=\"flex-basis:10%\"><\/div>\n<\/div>\n\n<p class=\"has-text-align-center\">Cada visita no \u00e9s nom\u00e9s veure animals, sin\u00f3 viure hist\u00f2ries que els teus fills i filles s\u2019enduran amb ells durant molt de temps.<\/p>\n\n<div class=\"wp-block-buttons has-custom-font-size has-medium-font-size is-content-justification-center is-layout-flex wp-container-core-buttons-is-layout-16018d1d wp-block-buttons-is-layout-flex\">\n<div class=\"wp-block-button\"><a class=\"wp-block-button__link has-medium-font-size has-custom-font-size wp-element-button\" href=\"https:\/\/fareharbor.com\/embeds\/book\/zoodelpirineu\/?full-items=yes\" style=\"border-radius:0px\">Reserva f\u00e0cil i r\u00e0pida online<\/a><\/div>\n<\/div>\n\n<div style=\"height:100px\" aria-hidden=\"true\" class=\"wp-block-spacer\"><\/div>\n\n<h2 class=\"wp-block-heading has-text-align-center\">Com funciona l\u2019Oferta Carnaval<\/h2>\n\n<p class=\"has-text-align-center\">Aix\u00ed ho viureu en fam\u00edlia:<\/p>\n\n<div class=\"wp-block-columns is-layout-flex wp-container-core-columns-is-layout-9d6595d7 wp-block-columns-is-layout-flex\">\n<div class=\"wp-block-column is-layout-flow wp-block-column-is-layout-flow\" style=\"flex-basis:15%\"><\/div>\n\n\n\n<div class=\"wp-block-column has-base-background-color has-background is-layout-flow wp-block-column-is-layout-flow\">\n<div style=\"height:20px\" aria-hidden=\"true\" class=\"wp-block-spacer\"><\/div>\n\n\n<div class=\"wp-block-image\">\n<figure class=\"aligncenter size-full is-resized\"><img loading=\"lazy\" decoding=\"async\" width=\"320\" height=\"213\" src=\"https:\/\/visitar.zoodelpirineu.com\/wp-content\/uploads\/2023\/01\/Check-picto.png\" alt=\"ok picto\" class=\"wp-image-3695\" style=\"width:auto;height:50px\" srcset=\"https:\/\/visitar.zoodelpirineu.com\/wp-content\/uploads\/2023\/01\/Check-picto.png 320w, https:\/\/visitar.zoodelpirineu.com\/wp-content\/uploads\/2023\/01\/Check-picto-300x200.png 300w\" sizes=\"auto, (max-width: 320px) 100vw, 320px\" \/><\/figure>\n<\/div>\n\n\n<p class=\"has-text-align-center\">Reserva online ara.<\/p>\n\n\n\n<p class=\"has-text-align-center\"><em>10 % de descompte si esculls 2 activitats<br\/><\/em><\/p>\n<\/div>\n\n\n\n<div class=\"wp-block-column has-base-background-color has-background is-layout-flow wp-block-column-is-layout-flow\">\n<div style=\"height:20px\" aria-hidden=\"true\" class=\"wp-block-spacer\"><\/div>\n\n\n<div class=\"wp-block-image\">\n<figure class=\"aligncenter size-full is-resized\"><img loading=\"lazy\" decoding=\"async\" width=\"320\" height=\"213\" src=\"https:\/\/visitar.zoodelpirineu.com\/wp-content\/uploads\/2023\/01\/Check-picto.png\" alt=\"ok picto\" class=\"wp-image-3695\" style=\"width:auto;height:50px\" srcset=\"https:\/\/visitar.zoodelpirineu.com\/wp-content\/uploads\/2023\/01\/Check-picto.png 320w, https:\/\/visitar.zoodelpirineu.com\/wp-content\/uploads\/2023\/01\/Check-picto-300x200.png 300w\" sizes=\"auto, (max-width: 320px) 100vw, 320px\" \/><\/figure>\n<\/div>\n\n\n<p class=\"has-text-align-center\">Arribeu al zoo en pocs minuts des de Solsona.<\/p>\n<\/div>\n\n\n\n<div class=\"wp-block-column has-base-background-color has-background is-layout-flow wp-block-column-is-layout-flow\">\n<div style=\"height:20px\" aria-hidden=\"true\" class=\"wp-block-spacer\"><\/div>\n\n\n<div class=\"wp-block-image\">\n<figure class=\"aligncenter size-full is-resized\"><img loading=\"lazy\" decoding=\"async\" width=\"320\" height=\"213\" src=\"https:\/\/visitar.zoodelpirineu.com\/wp-content\/uploads\/2023\/01\/Check-picto.png\" alt=\"ok picto\" class=\"wp-image-3695\" style=\"width:auto;height:50px\" srcset=\"https:\/\/visitar.zoodelpirineu.com\/wp-content\/uploads\/2023\/01\/Check-picto.png 320w, https:\/\/visitar.zoodelpirineu.com\/wp-content\/uploads\/2023\/01\/Check-picto-300x200.png 300w\" sizes=\"auto, (max-width: 320px) 100vw, 320px\" \/><\/figure>\n<\/div>\n\n\n<p class=\"has-text-align-center\">Gaudiu junts de la visita guiada i les activitats guiades.<\/p>\n<\/div>\n\n\n\n<div class=\"wp-block-column has-base-background-color has-background is-layout-flow wp-block-column-is-layout-flow\">\n<div style=\"height:20px\" aria-hidden=\"true\" class=\"wp-block-spacer\"><\/div>\n\n\n<div class=\"wp-block-image\">\n<figure class=\"aligncenter size-full is-resized\"><img loading=\"lazy\" decoding=\"async\" width=\"320\" height=\"213\" src=\"https:\/\/visitar.zoodelpirineu.com\/wp-content\/uploads\/2023\/01\/Check-picto.png\" alt=\"ok picto\" class=\"wp-image-3695\" style=\"width:auto;height:50px\" srcset=\"https:\/\/visitar.zoodelpirineu.com\/wp-content\/uploads\/2023\/01\/Check-picto.png 320w, https:\/\/visitar.zoodelpirineu.com\/wp-content\/uploads\/2023\/01\/Check-picto-300x200.png 300w\" sizes=\"auto, (max-width: 320px) 100vw, 320px\" \/><\/figure>\n<\/div>\n\n\n<p class=\"has-text-align-center\">Marxeu amb records que duren molt m\u00e9s que un dia.<\/p>\n<\/div>\n\n\n\n<div class=\"wp-block-column is-layout-flow wp-block-column-is-layout-flow\" style=\"flex-basis:15%\"><\/div>\n<\/div>\n\n<div style=\"height:100px\" aria-hidden=\"true\" class=\"wp-block-spacer\"><\/div>\n\n<div class=\"wp-block-columns is-layout-flex wp-container-core-columns-is-layout-9d6595d7 wp-block-columns-is-layout-flex\">\n<div class=\"wp-block-column is-layout-flow wp-block-column-is-layout-flow\" style=\"flex-basis:25%\"><\/div>\n\n\n\n<div class=\"wp-block-column is-layout-flow wp-block-column-is-layout-flow\" style=\"flex-basis:50%\">\n<h2 class=\"wp-block-heading has-text-align-left\">El que diuen les fam\u00edlies que ja han vingut<\/h2>\n\n\n\n<p class=\"has-text-align-left\">Moltes arriben des de Solsona \u201cper acabar el dia\u201d\u2026<br\/>i marxen dient aix\u00f2:<\/p>\n\n\n\n<blockquote class=\"wp-block-quote is-layout-flow wp-block-quote-is-layout-flow\">\n<p>\u2605\u2605\u2605\u2605\u2605<br\/>\u201cEns va encantar i segur que tornarem. No \u00e9s un zoo: \u00e9s un lloc meravell\u00f3s on curen animals ferits\u2026\u201d<br\/>\u2014 <strong>Amelia Saixo Garc\u00eda<\/strong>, Local Guide <\/p>\n<\/blockquote>\n\n\n\n<blockquote class=\"wp-block-quote is-layout-flow wp-block-quote-is-layout-flow\">\n<p>\u2605\u2605\u2605\u2605\u2605<br\/>\u201cUn lloc on cuiden animals ferits i, a m\u00e9s, aprens un munt sobre aus i mam\u00edfers. Personal fant\u00e0stic.\u201d<br\/>\u2014 <strong>Toni Alonso<\/strong><\/p>\n<\/blockquote>\n\n\n\n<blockquote class=\"wp-block-quote is-layout-flow wp-block-quote-is-layout-flow\">\n<p>\u2605\u2605\u2605\u2605\u2605<br\/>\u201cExplicacions excepcionals\u2026 Molt recomanable per a nens i adults.\u201d<br\/>\u2014 <strong>Rosa Labrador<\/strong>, Local Guide<\/p>\n<\/blockquote>\n\n\n\n<div class=\"wp-block-buttons has-custom-font-size has-medium-font-size is-content-justification-left is-layout-flex wp-container-core-buttons-is-layout-fdcfc74e wp-block-buttons-is-layout-flex\">\n<div class=\"wp-block-button\"><a class=\"wp-block-button__link has-medium-font-size has-custom-font-size wp-element-button\" href=\"https:\/\/fareharbor.com\/embeds\/book\/zoodelpirineu\/?full-items=yes&amp;flow=923009\" style=\"border-radius:0px\">Veure disponibilitat i reservar<\/a><\/div>\n<\/div>\n<\/div>\n\n\n\n<div class=\"wp-block-column is-layout-flow wp-block-column-is-layout-flow\" style=\"flex-basis:25%\"><\/div>\n<\/div>\n\n<div style=\"height:100px\" aria-hidden=\"true\" class=\"wp-block-spacer\"><\/div>\n\n<div class=\"wp-block-columns is-layout-flex wp-container-core-columns-is-layout-9d6595d7 wp-block-columns-is-layout-flex\">\n<div class=\"wp-block-column is-layout-flow wp-block-column-is-layout-flow\" style=\"flex-basis:25%\"><\/div>\n\n\n\n<div class=\"wp-block-column is-layout-flow wp-block-column-is-layout-flow\" style=\"flex-basis:50%\">\n<h2 class=\"wp-block-heading has-text-align-left\">Preguntes freq\u00fcents<\/h2>\n\n\n\n<h3 class=\"wp-block-heading\">\u00c9s un bon pla per venir amb nens?<\/h3>\n\n\n\n<p>S\u00ed.<br\/>\u00c9s una experi\u00e8ncia <strong>pensada per a fam\u00edlies<\/strong>, on infants i adults gaudeixen, aprenen i participen junts de manera natural i segura.<\/p>\n\n\n\n<hr class=\"wp-block-separator has-alpha-channel-opacity\"\/>\n\n\n\n<h3 class=\"wp-block-heading\">\u00c9s un zoo amb entrada general per passejar lliurement?<\/h3>\n\n\n\n<p>No exactament.<br\/>La visita al refugi es viu a trav\u00e9s d\u2019<strong>experi\u00e8ncies guiades i activitats concretes<\/strong>, que permeten con\u00e8ixer els animals de prop i entendre les seves hist\u00f2ries.<\/p>\n\n\n\n<hr class=\"wp-block-separator has-alpha-channel-opacity\"\/>\n\n\n\n<h3 class=\"wp-block-heading\">Qu\u00e8 inclou exactament la visita?<\/h3>\n\n\n\n<p>No hi ha una visita \u00fanica ni un recorregut tancat.<br\/><strong>Sou vosaltres qui decidiu com viure l\u2019experi\u00e8ncia.<\/strong><\/p>\n\n\n\n<p>Segons el que us vingui m\u00e9s de gust aquell dia, podeu:<\/p>\n\n\n\n<ul class=\"wp-block-list\">\n<li>Fer la <strong>visita guiada<\/strong>, per con\u00e8ixer tots els animals i escoltar les seves hist\u00f2ries reals de rescat.<\/li>\n\n\n\n<li>Viure <strong>l&#8217;exhibici\u00f3 de vol<\/strong>, on les aus no nom\u00e9s volen: els visitants hi participen i en formen part.<\/li>\n\n\n\n<li>Entrar al <strong>toca-toca<\/strong>, ajudant a cuidar animals que necessiten una atenci\u00f3 especial.<\/li>\n<\/ul>\n\n\n\n<p>En totes les opcions, els nens aprenen sense adonar-se\u2019n, s\u2019ho passen b\u00e9 i senten que estan ajudant de veritat.<\/p>\n\n\n\n<p>I una cosa molt important:<br\/><strong>cada entrada contribueix directament a assegurar el futur del refugi i centre de rescat privat de fauna salvatge m\u00e9s gran de Catalunya.<\/strong><\/p>\n\n\n\n<p>\ud83d\udc49 <em>No veniu nom\u00e9s a passar l\u2019estona. Veniu a formar part d\u2019alguna cosa que importa. <\/em><\/p>\n\n\n\n<hr class=\"wp-block-separator has-alpha-channel-opacity\"\/>\n\n\n\n<h3 class=\"wp-block-heading\">A l\u2019exhibici\u00f3 de vol nom\u00e9s es mira o es participa?<\/h3>\n\n\n\n<p><strong>Es participa activament.<\/strong><br\/>Durant l\u2019exhibici\u00f3, els visitants <strong>formen part <\/strong>de l\u2019experi\u00e8ncia, interactuen amb les aus i la viuen molt de prop.<\/p>\n\n\n\n<p>\ud83d\udc49 <em>\u00c9s un dels moments que m\u00e9s sorpr\u00e8n i que despr\u00e9s m\u00e9s es recorda.<\/em><\/p>\n\n\n\n<hr class=\"wp-block-separator has-alpha-channel-opacity\"\/>\n\n\n\n<h3 class=\"wp-block-heading\">He de fer alguna cosa perqu\u00e8 s\u2019apliqui el descompte?<\/h3>\n\n\n\n<p>No.<br\/>En reservar online, <strong>el descompte s\u2019aplica autom\u00e0ticamen<\/strong>t quan afegeixes una segona activitat. No cal introduir codis ni fer cap pas extra. <\/p>\n\n\n\n<hr class=\"wp-block-separator has-alpha-channel-opacity\"\/>\n\n\n\n<h3 class=\"wp-block-heading\">\u00c9s obligatori reservar online abans de venir?<\/h3>\n\n\n\n<p>No \u00e9s obligatori, per\u00f2 s\u00ed <strong>molt recomanable<\/strong>.<br\/>Les places s\u00f3n limitades i reservar online t\u2019assegura disponibilitat i el descompte, sobretot en caps de setmana i dies especials.<\/p>\n\n\n\n<div class=\"wp-block-buttons has-custom-font-size has-medium-font-size is-content-justification-left is-layout-flex wp-container-core-buttons-is-layout-fdcfc74e wp-block-buttons-is-layout-flex\">\n<div class=\"wp-block-button\"><a class=\"wp-block-button__link has-medium-font-size has-custom-font-size wp-element-button\" href=\"https:\/\/fareharbor.com\/embeds\/book\/zoodelpirineu\/?full-items=yes&amp;flow=923009\" style=\"border-radius:0px\">Reserva ara la teva visita i assegura la teva pla\u00e7a<\/a><\/div>\n<\/div>\n<\/div>\n\n\n\n<div class=\"wp-block-column is-layout-flow wp-block-column-is-layout-flow\" style=\"flex-basis:25%\"><\/div>\n<\/div>\n\n<div style=\"height:100px\" aria-hidden=\"true\" class=\"wp-block-spacer\"><\/div>\n\n<div class=\"wp-block-columns has-contrast-3-background-color has-background is-layout-flex wp-container-core-columns-is-layout-9d6595d7 wp-block-columns-is-layout-flex\">\n<div class=\"wp-block-column is-layout-flow wp-block-column-is-layout-flow\" style=\"flex-basis:5%\"><\/div>\n\n\n\n<div class=\"wp-block-column is-layout-flow wp-block-column-is-layout-flow\">\n<h3 class=\"wp-block-heading has-base-3-color has-text-color has-link-color wp-elements-7d41454119eaa390a19b706a7a05f8fd\">No deixis que el Carnaval de Solsona s\u2019acabi massa aviat:<\/h3>\n\n\n\n<p>\u2705 Gaudeix d\u2019un entorn tranquil, natural i pensat per a fam\u00edlies.<br\/>\u2705 Comparteix moments que els teus fills recordaran.<br\/>\u2705 Ajuda directament al rescat i la cura d\u2019animals salvatges.<\/p>\n<\/div>\n\n\n\n<div class=\"wp-block-column is-layout-flow wp-block-column-is-layout-flow\" style=\"flex-basis:3%\"><\/div>\n\n\n\n<div class=\"wp-block-column is-layout-flow wp-block-column-is-layout-flow\">\n<h3 class=\"wp-block-heading has-base-3-color has-text-color has-link-color wp-elements-0ef439dad25e7009f751ecbea0987788\">Qu\u00e8 pot passar si no reserves?<\/h3>\n\n\n\n<p>\u274c El dia s&#8217;acaba despr\u00e9s de la desfilada, sense m\u00e9s aventures.<br\/>\u274c Nens amb ganes de continuar i sense pla.<br\/>\u274c Una oportunitat perduda de connectar amb la natura.<\/p>\n<\/div>\n\n\n\n<div class=\"wp-block-column is-layout-flow wp-block-column-is-layout-flow\" style=\"flex-basis:5%\"><\/div>\n<\/div>\n\n<div class=\"wp-block-cover has-parallax\"><div role=\"img\" aria-label=\"Carnaval de Solsona con animales\" class=\"wp-block-cover__image-background wp-image-6296 has-parallax\" style=\"background-position:50% 50%;background-image:url(https:\/\/visitar.zoodelpirineu.com\/wp-content\/uploads\/2025\/02\/Carnaval-de-Solsona.jpg)\"><\/div><span aria-hidden=\"true\" class=\"wp-block-cover__background has-contrast-background-color has-background-dim\"><\/span><div class=\"wp-block-cover__inner-container is-layout-constrained wp-block-cover-is-layout-constrained\">\n<p class=\"has-text-align-center has-large-font-size\">Reserva ara i viu un Carnaval inoblidable!<\/p>\n\n\n\n<p class=\"has-text-align-center has-large-font-size\">Perqu\u00e8 la festa no ha d&#8217;acabar.<\/p>\n<\/div><\/div>\n","protected":false},"excerpt":{"rendered":"<p>Despr\u00e9s del Carnaval de Solsona, viu una experi\u00e8ncia \u00fanica en fam\u00edlia a nom\u00e9s 30 minuts: visita el refugi d&#8217;animals salvatges. Reserva i aconsegueix un 10% de descompte! <\/p>\n","protected":false},"author":1,"featured_media":6297,"comment_status":"closed","ping_status":"open","sticky":false,"template":"","format":"standard","meta":{"_monsterinsights_skip_tracking":false,"_monsterinsights_sitenote_active":false,"_monsterinsights_sitenote_note":"","_monsterinsights_sitenote_category":0,"footnotes":""},"categories":[1],"tags":[],"class_list":["post-6311","post","type-post","status-publish","format-standard","has-post-thumbnail","hentry","category-uncategorized-ca","infinite-scroll-item","generate-columns","tablet-grid-50","mobile-grid-100","grid-parent","grid-33"],"aioseo_notices":[],"_links":{"self":[{"href":"https:\/\/visitar.zoodelpirineu.com\/ca\/wp-json\/wp\/v2\/posts\/6311","targetHints":{"allow":["GET"]}}],"collection":[{"href":"https:\/\/visitar.zoodelpirineu.com\/ca\/wp-json\/wp\/v2\/posts"}],"about":[{"href":"https:\/\/visitar.zoodelpirineu.com\/ca\/wp-json\/wp\/v2\/types\/post"}],"author":[{"embeddable":true,"href":"https:\/\/visitar.zoodelpirineu.com\/ca\/wp-json\/wp\/v2\/users\/1"}],"replies":[{"embeddable":true,"href":"https:\/\/visitar.zoodelpirineu.com\/ca\/wp-json\/wp\/v2\/comments?post=6311"}],"version-history":[{"count":3,"href":"https:\/\/visitar.zoodelpirineu.com\/ca\/wp-json\/wp\/v2\/posts\/6311\/revisions"}],"predecessor-version":[{"id":6591,"href":"https:\/\/visitar.zoodelpirineu.com\/ca\/wp-json\/wp\/v2\/posts\/6311\/revisions\/6591"}],"wp:featuredmedia":[{"embeddable":true,"href":"https:\/\/visitar.zoodelpirineu.com\/ca\/wp-json\/wp\/v2\/media\/6297"}],"wp:attachment":[{"href":"https:\/\/visitar.zoodelpirineu.com\/ca\/wp-json\/wp\/v2\/media?parent=6311"}],"wp:term":[{"taxonomy":"category","embeddable":true,"href":"https:\/\/visitar.zoodelpirineu.com\/ca\/wp-json\/wp\/v2\/categories?post=6311"},{"taxonomy":"post_tag","embeddable":true,"href":"https:\/\/visitar.zoodelpirineu.com\/ca\/wp-json\/wp\/v2\/tags?post=6311"}],"curies":[{"name":"wp","href":"https:\/\/api.w.org\/{rel}","templated":true}]}}